{"id":5967,"date":"2019-07-17T10:13:21","date_gmt":"2019-07-17T08:13:21","guid":{"rendered":"https:\/\/panwybierak.pl\/blog\/?p=5967"},"modified":"2023-02-21T21:09:07","modified_gmt":"2023-02-21T20:09:07","slug":"lokalne-kablowki-toya-tworza-tv-regio","status":"publish","type":"post","link":"https:\/\/panwybierak.pl\/blog\/lokalne-kablowki-toya-tworza-tv-regio\/","title":{"rendered":"Lokalne kabl\u00f3wki tworz\u0105 TV Regio &#8211; zadba o&nbsp;to Toya"},"content":{"rendered":"<div id=\"ez-toc-container\" class=\"ez-toc-v2_0_69_1 counter-hierarchy ez-toc-counter ez-toc-custom ez-toc-container-direction\">\n<div class=\"ez-toc-title-container\">\n<span class=\"ez-toc-title-toggle\"><\/span><\/div>\n<nav><ul class='ez-toc-list ez-toc-list-level-1 ' ><li class='ez-toc-page-1 ez-toc-heading-level-2'><a class=\"ez-toc-link ez-toc-heading-1\" href=\"https:\/\/panwybierak.pl\/blog\/lokalne-kablowki-toya-tworza-tv-regio\/#Toya_angazuje_sie_w_TV_Regio\" title=\"Toya anga\u017cuje si\u0119 w&nbsp;TV Regio\">Toya anga\u017cuje si\u0119 w&nbsp;TV Regio<\/a><\/li><\/ul><\/nav><\/div>\n\n<p>Lokalne kabl\u00f3wki to cz\u0119sto spore zestawienie program\u00f3w, kt\u00f3re maj\u0105 ograniczony zasi\u0119g, a&nbsp;charakteryzuj\u0105 si\u0119 wysok\u0105 jako\u015bci\u0105. One maj\u0105 by\u0107 baz\u0105 dla&nbsp;TV Regio &#8211; nowego projektu sieci kablowych. W&nbsp;projekt zaanga\u017cowa\u0142a si\u0119 ju\u017c Toya &#8211; jedna z&nbsp;najwi\u0119kszych tego typu marek. <\/p>\n\n\n\n<p>TV Regio trafi &#8211; poprzez operator\u00f3w telewizji kablowych &#8211; do&nbsp;mniej i&nbsp;bardziej znanych sieci kablowych. W\u015br\u00f3d zaanga\u017cowanych w&nbsp;projekt marek s\u0105 m.in.:<\/p>\n\n\n\n<ul class=\"wp-block-list\"><li> <a href=\"https:\/\/panwybierak.pl\/blog\/tag\/internet-telewizja-toya\/\">Toya<\/a><\/li><li> <a href=\"https:\/\/panwybierak.pl\/blog\/asta-net-oferta-internet-telewizja-telefon\/\">Asta-Net<\/a><\/li><li> Telkab<\/li><li> TVK Hajn\u00f3wka<\/li><li> TVK Tomk\u00f3w<\/li><li><\/li><li> Feromedia<\/li><li> Stella<\/li><\/ul>\n\n\n\n<p> Na&nbsp;tym nowa telewizja regionalna nie ma zamiaru ko\u0144czy\u0107. Sie\u0107 chce prowadzi\u0107 rozmowy z&nbsp;innymi operatorami telewizji kablowej z&nbsp;r\u00f3\u017cnych regionach. Ich potencja\u0142 po&nbsp;scentralizowaniu mo\u017ce by\u0107 np.&nbsp;form\u0105 alternatywy dla&nbsp;TVP Info. <\/p>\n\n\n\n<h2 class=\"wp-block-heading\"><span class=\"ez-toc-section\" id=\"Toya_angazuje_sie_w_TV_Regio\"><\/span> Toya anga\u017cuje si\u0119 w&nbsp;TV Regio<span class=\"ez-toc-section-end\"><\/span><\/h2>\n\n\n\n<p> Symbolem projektu, kt\u00f3ry tworz\u0105 lokalne kabl\u00f3wki jest <a href=\"https:\/\/panwybierak.pl\/blog\/toya-oferta-na-internet-telewizje-i-telefonie\/\">Toya<\/a>. Wprowadzi\u0142a ju\u017c TV Regio do&nbsp;swojej oferty. To jej 157 kana\u0142 w&nbsp;formacie HD. Co znajduje si\u0119 w&nbsp;ofercie regionalnej telewizji oferowanego od lata 2019 r. przez&nbsp;sie\u0107 Toya? To m.in. autorskie audycje historyczne, programy po\u015bwi\u0119cone najciekawszym mieszka\u0144com i&nbsp;wydarzeniom w&nbsp;regionie i&nbsp;materia\u0142y prezentuj\u0105ce kultur\u0119 czy&nbsp;\u015brodowisko. <\/p>\n\n\n\n<p> TV Regio w&nbsp;Toya dost\u0119pny jest dla&nbsp;wszystkich abonent\u00f3w. Warunkiem jest posiadanie odbiornika HD w&nbsp;pakiecie Wygodnym. Program tworzony przez&nbsp;lokalne kabl\u00f3wki dost\u0119pny jest r\u00f3wnie\u017c w&nbsp;telewizji mobilnej i&nbsp;aplikacji Toya Go. Ogl\u0105da\u0107 mo\u017cna go na&nbsp;komputerze, tablecie czy&nbsp;smartfonie. Jak zauwa\u017ca dyrektor generalny Toya, lokalne kwestie maj\u0105 du\u017ce znaczenie nie tylko dla&nbsp;lokalnych spo\u0142eczno\u015bci, ale&nbsp;przyci\u0105gaj\u0105 uwag\u0119 r\u00f3wnie\u017c mieszka\u0144c\u00f3w ca\u0142ej Polski. Zastrzega r\u00f3wnie\u017c, \u017ce&nbsp;cho\u0107 podobne projekty tworzone przez&nbsp;lokalne kabl\u00f3wki si\u0119 w&nbsp;przesz\u0142o\u015bci nie sprawdza\u0142y, teraz mo\u017ce by\u0107 inaczej. &#8211; Wierzymy, \u017ce&nbsp;tym razem b\u0119dzie to sukces &#8211; ocenia. <\/p>\n\n\n\n<figure class=\"wp-block-image\"><a href=\"https:\/\/panwybierak.pl\/oferty\/telewizja\/18\"><img loading=\"lazy\" decoding=\"async\" width=\"1024\" height=\"270\" src=\"https:\/\/panwybierak.pl\/blog\/wp-content\/uploads\/2019\/03\/CTA_telewizji-1024x270.png\" alt=\"oferty kabl\u00f3wek lokalnych\" class=\"wp-image-4431\" srcset=\"https:\/\/panwybierak.pl\/blog\/wp-content\/uploads\/2019\/03\/CTA_telewizji-1024x270.png 1024w, https:\/\/panwybierak.pl\/blog\/wp-content\/uploads\/2019\/03\/CTA_telewizji-300x79.png 300w, https:\/\/panwybierak.pl\/blog\/wp-content\/uploads\/2019\/03\/CTA_telewizji-768x202.png 768w, https:\/\/panwybierak.pl\/blog\/wp-content\/uploads\/2019\/03\/CTA_telewizji.png 1170w\" sizes=\"(max-width: 1024px) 100vw, 1024px\" \/><\/a><\/figure>\n","protected":false},"excerpt":{"rendered":"<p>Lokalne kabl\u00f3wki to cz\u0119sto spore zestawienie program\u00f3w, kt\u00f3re maj\u0105 ograniczony zasi\u0119g, a&nbsp;charakteryzuj\u0105 si\u0119 wysok\u0105 jako\u015bci\u0105. One maj\u0105 by\u0107 baz\u0105 dla&nbsp;TV Regio &#8211; nowego projektu sieci kablowych. W&nbsp;projekt zaanga\u017cowa\u0142a si\u0119 ju\u017c Toya &#8211; jedna z&nbsp;najwi\u0119kszych tego typu marek. TV Regio trafi &#8211; poprzez operator\u00f3w telewizji kablowych &#8211; do&nbsp;mniej i&nbsp;bardziej znanych sieci kablowych. W\u015br\u00f3d zaanga\u017cowanych w&nbsp;projekt marek [&hellip;]<\/p>\n","protected":false},"author":11,"featured_media":5968,"comment_status":"open","ping_status":"open","sticky":false,"template":"","format":"standard","meta":{"footnotes":""},"categories":[794,1],"tags":[819,302,308,590],"class_list":["post-5967","post","type-post","status-publish","format-standard","has-post-thumbnail","hentry","category-aktualnosci","category-artykuly","tag-asta-net","tag-telewizja-kablowa","tag-telewizja-kablowa-toya","tag-toya"],"acf":[],"_links":{"self":[{"href":"https:\/\/panwybierak.pl\/blog\/wp-json\/wp\/v2\/posts\/5967"}],"collection":[{"href":"https:\/\/panwybierak.pl\/blog\/wp-json\/wp\/v2\/posts"}],"about":[{"href":"https:\/\/panwybierak.pl\/blog\/wp-json\/wp\/v2\/types\/post"}],"author":[{"embeddable":true,"href":"https:\/\/panwybierak.pl\/blog\/wp-json\/wp\/v2\/users\/11"}],"replies":[{"embeddable":true,"href":"https:\/\/panwybierak.pl\/blog\/wp-json\/wp\/v2\/comments?post=5967"}],"version-history":[{"count":1,"href":"https:\/\/panwybierak.pl\/blog\/wp-json\/wp\/v2\/posts\/5967\/revisions"}],"predecessor-version":[{"id":5969,"href":"https:\/\/panwybierak.pl\/blog\/wp-json\/wp\/v2\/posts\/5967\/revisions\/5969"}],"wp:featuredmedia":[{"embeddable":true,"href":"https:\/\/panwybierak.pl\/blog\/wp-json\/wp\/v2\/media\/5968"}],"wp:attachment":[{"href":"https:\/\/panwybierak.pl\/blog\/wp-json\/wp\/v2\/media?parent=5967"}],"wp:term":[{"taxonomy":"category","embeddable":true,"href":"https:\/\/panwybierak.pl\/blog\/wp-json\/wp\/v2\/categories?post=5967"},{"taxonomy":"post_tag","embeddable":true,"href":"https:\/\/panwybierak.pl\/blog\/wp-json\/wp\/v2\/tags?post=5967"}],"curies":[{"name":"wp","href":"https:\/\/api.w.org\/{rel}","templated":true}]}}