{"id":24170,"date":"2026-03-04T14:12:10","date_gmt":"2026-03-04T13:12:10","guid":{"rendered":"https:\/\/panwybierak.pl\/blog\/?p=24170"},"modified":"2026-03-03T14:15:52","modified_gmt":"2026-03-03T13:15:52","slug":"t-mobile-i-starlink-ramie-w-ramie-satelity-maja-domknac-mape-zasiegu-w-europie","status":"publish","type":"post","link":"https:\/\/panwybierak.pl\/blog\/t-mobile-i-starlink-ramie-w-ramie-satelity-maja-domknac-mape-zasiegu-w-europie\/","title":{"rendered":"T-Mobile i&nbsp;Starlink rami\u0119 w&nbsp;rami\u0119. Satelity maj\u0105 domkn\u0105\u0107 map\u0119 zasi\u0119gu w&nbsp;Europie"},"content":{"rendered":"<div id=\"ez-toc-container\" class=\"ez-toc-v2_0_69_1 counter-hierarchy ez-toc-counter ez-toc-custom ez-toc-container-direction\">\n<div class=\"ez-toc-title-container\">\n<span class=\"ez-toc-title-toggle\"><\/span><\/div>\n<nav><ul class='ez-toc-list ez-toc-list-level-1 ' ><li class='ez-toc-page-1 ez-toc-heading-level-2'><a class=\"ez-toc-link ez-toc-heading-1\" href=\"https:\/\/panwybierak.pl\/blog\/t-mobile-i-starlink-ramie-w-ramie-satelity-maja-domknac-mape-zasiegu-w-europie\/#Koniec_%E2%80%9Ebialych_plam%E2%80%9D_Dlaczego_Europa_wciaz_ich_potrzebuje\" title=\"Koniec \u201ebia\u0142ych plam\u201d? Dlaczego Europa wci\u0105\u017c ich potrzebuje\">Koniec \u201ebia\u0142ych plam\u201d? Dlaczego Europa wci\u0105\u017c ich potrzebuje<\/a><\/li><li class='ez-toc-page-1 ez-toc-heading-level-2'><a class=\"ez-toc-link ez-toc-heading-2\" href=\"https:\/\/panwybierak.pl\/blog\/t-mobile-i-starlink-ramie-w-ramie-satelity-maja-domknac-mape-zasiegu-w-europie\/#Direct-to-Device_internet_z_kosmosu_bez_dodatkowego_sprzetu\" title=\"Direct-to-Device: internet z&nbsp;kosmosu bez dodatkowego sprz\u0119tu\">Direct-to-Device: internet z&nbsp;kosmosu bez dodatkowego sprz\u0119tu<\/a><\/li><li class='ez-toc-page-1 ez-toc-heading-level-2'><a class=\"ez-toc-link ez-toc-heading-3\" href=\"https:\/\/panwybierak.pl\/blog\/t-mobile-i-starlink-ramie-w-ramie-satelity-maja-domknac-mape-zasiegu-w-europie\/#10_rynkow_w_tym_Polska_Skala_projektu_jest_znaczaca\" title=\"10 rynk\u00f3w, w&nbsp;tym Polska. Skala projektu jest znacz\u0105ca\">10 rynk\u00f3w, w&nbsp;tym Polska. Skala projektu jest znacz\u0105ca<\/a><\/li><li class='ez-toc-page-1 ez-toc-heading-level-2'><a class=\"ez-toc-link ez-toc-heading-4\" href=\"https:\/\/panwybierak.pl\/blog\/t-mobile-i-starlink-ramie-w-ramie-satelity-maja-domknac-mape-zasiegu-w-europie\/#Bezpieczenstwo_i_odpornosc_sieci_%E2%80%93_argument_silniejszy_niz_marketing\" title=\"Bezpiecze\u0144stwo i&nbsp;odporno\u015b\u0107 sieci \u2013&nbsp;argument silniejszy ni\u017c marketing\">Bezpiecze\u0144stwo i&nbsp;odporno\u015b\u0107 sieci \u2013&nbsp;argument silniejszy ni\u017c marketing<\/a><\/li><li class='ez-toc-page-1 ez-toc-heading-level-2'><a class=\"ez-toc-link ez-toc-heading-5\" href=\"https:\/\/panwybierak.pl\/blog\/t-mobile-i-starlink-ramie-w-ramie-satelity-maja-domknac-mape-zasiegu-w-europie\/#Start_dopiero_w_2028_roku_Dlaczego_trzeba_czekac\" title=\"Start dopiero w&nbsp;2028 roku. Dlaczego trzeba czeka\u0107?\">Start dopiero w&nbsp;2028 roku. Dlaczego trzeba czeka\u0107?<\/a><\/li><\/ul><\/nav><\/div>\n\n<p>Podczas Mobile World Congress 2026 w&nbsp;Barcelonie Deutsche Telekom \u2013&nbsp;w\u0142a\u015bciciel marki T-Mobile \u2013&nbsp;og\u0142osi\u0142 strategiczne partnerstwo ze Starlinkiem, czyli&nbsp;satelitarnym projektem rozwijanym przez&nbsp;firm\u0119 Elona Muska. Celem wsp\u00f3\u0142pracy jest wdro\u017cenie technologii Direct-to-Device (D2D), kt\u00f3ra umo\u017cliwi bezpo\u015brednie \u0142\u0105czenie smartfon\u00f3w z&nbsp;sieci\u0105 satelitarn\u0105 bez potrzeby stosowania dodatkowych anten czy&nbsp;terminali. <\/p>\n\n\n\n<p>To jeden z&nbsp;najwa\u017cniejszych krok\u00f3w w&nbsp;kierunku likwidacji tzw. \u201ebia\u0142ych plam\u201d zasi\u0119gu w&nbsp;Europie. Nowe rozwi\u0105zanie ma stanowi\u0107 uzupe\u0142nienie klasycznej infrastruktury kom\u00f3rkowej, a&nbsp;nie jej zast\u0119pstwo. Operator jasno komunikuje, \u017ce&nbsp;chodzi o&nbsp;zwi\u0119kszenie dost\u0119pno\u015bci i&nbsp;odporno\u015bci \u0142\u0105czno\u015bci, zw\u0142aszcza w&nbsp;miejscach, gdzie budowa maszt\u00f3w jest trudna lub&nbsp;niemo\u017cliwa.<\/p>\n\n\n\n<h2 class=\"wp-block-heading\"><span class=\"ez-toc-section\" id=\"Koniec_%E2%80%9Ebialych_plam%E2%80%9D_Dlaczego_Europa_wciaz_ich_potrzebuje\"><\/span>Koniec \u201ebia\u0142ych plam\u201d? Dlaczego Europa wci\u0105\u017c ich potrzebuje<span class=\"ez-toc-section-end\"><\/span><\/h2>\n\n\n\n<p>Cho\u0107&nbsp;operatorzy deklaruj\u0105 bardzo wysokie pokrycie 5G \u2013&nbsp;w&nbsp;Niemczech nawet oko\u0142o 90 proc. powierzchni kraju \u2013&nbsp;rzeczywisto\u015b\u0107 pokazuje, \u017ce&nbsp;wci\u0105\u017c istniej\u0105 obszary pozbawione stabilnego sygna\u0142u. Dotyczy to przede wszystkim teren\u00f3w g\u00f3rskich, rozleg\u0142ych kompleks\u00f3w le\u015bnych, obszar\u00f3w rolniczych oraz&nbsp;park\u00f3w narodowych, gdzie ograniczenia \u015brodowiskowe uniemo\u017cliwiaj\u0105 stawianie nowych stacji bazowych. W&nbsp;wielu regionach problemem jest tak\u017ce niska op\u0142acalno\u015b\u0107 inwestycji infrastrukturalnych przy&nbsp;niewielkiej liczbie mieszka\u0144c\u00f3w. W&nbsp;efekcie u\u017cytkownicy wci\u0105\u017c trac\u0105 zasi\u0119g podczas podr\u00f3\u017cy, w&nbsp;czasie wypraw turystycznych czy&nbsp;w&nbsp;trakcie pracy w&nbsp;terenie. Integracja \u0142\u0105czno\u015bci satelitarnej ma wype\u0142ni\u0107 te luki, zapewniaj\u0105c sygna\u0142 tam, gdzie tradycyjna sie\u0107 si\u0119 urywa. To wa\u017cne np.&nbsp;dla os\u00f3b, kt\u00f3re maj\u0105 <a href=\"https:\/\/panwybierak.pl\/oferty-internet-na-wsi\/46,218012\">internet na&nbsp;wsi<\/a> i&nbsp;nie wiedz\u0105 jaki wybra\u0107.<\/p>\n\n\n\n<h2 class=\"wp-block-heading\"><span class=\"ez-toc-section\" id=\"Direct-to-Device_internet_z_kosmosu_bez_dodatkowego_sprzetu\"><\/span>Direct-to-Device: internet z&nbsp;kosmosu bez dodatkowego sprz\u0119tu<span class=\"ez-toc-section-end\"><\/span><\/h2>\n\n\n\n<figure class=\"wp-block-image size-large\"><img loading=\"lazy\" decoding=\"async\" width=\"1024\" height=\"768\" src=\"https:\/\/panwybierak.pl\/blog\/wp-content\/uploads\/2025\/12\/system-dzialania-internetu-satelitarnego-1024x768.jpg\" alt=\"system dzialania internetu satelitarnego\" class=\"wp-image-23811\" srcset=\"https:\/\/panwybierak.pl\/blog\/wp-content\/uploads\/2025\/12\/system-dzialania-internetu-satelitarnego-1024x768.jpg 1024w, https:\/\/panwybierak.pl\/blog\/wp-content\/uploads\/2025\/12\/system-dzialania-internetu-satelitarnego-300x225.jpg 300w, https:\/\/panwybierak.pl\/blog\/wp-content\/uploads\/2025\/12\/system-dzialania-internetu-satelitarnego-768x576.jpg 768w, https:\/\/panwybierak.pl\/blog\/wp-content\/uploads\/2025\/12\/system-dzialania-internetu-satelitarnego-900x675.jpg 900w, https:\/\/panwybierak.pl\/blog\/wp-content\/uploads\/2025\/12\/system-dzialania-internetu-satelitarnego.jpg 1280w\" sizes=\"(max-width: 1024px) 100vw, 1024px\" \/><\/figure>\n\n\n\n<p>Kluczowym elementem projektu jest technologia Direct-to-Device, kt\u00f3ra pozwala smartfonowi \u0142\u0105czy\u0107 si\u0119 bezpo\u015brednio z&nbsp;satelit\u0105 na&nbsp;orbicie. Oznacza to, \u017ce&nbsp;u\u017cytkownik nie b\u0119dzie musia\u0142 korzysta\u0107 z&nbsp;zewn\u0119trznych anten, modem\u00f3w czy&nbsp;specjalistycznych terminali znanych z&nbsp;klasycznych rozwi\u0105za\u0144 satelitarnych. System ma dzia\u0142a\u0107 automatycznie \u2013&nbsp;gdy telefon utraci sygna\u0142 z&nbsp;naziemnej stacji bazowej, prze\u0142\u0105czy si\u0119 na&nbsp;\u0142\u0105czno\u015b\u0107 satelitarn\u0105 wykorzystuj\u0105c\u0105 licencjonowane pasmo MSS nale\u017c\u0105ce do&nbsp;Starlinka. To znacz\u0105ca r\u00f3\u017cnica w&nbsp;por\u00f3wnaniu z&nbsp;dotychczasowymi funkcjami satelitarnymi w&nbsp;smartfonach, kt\u00f3re ogranicza\u0142y si\u0119 g\u0142\u00f3wnie do&nbsp;wysy\u0142ania awaryjnych wiadomo\u015bci SOS. Nowa generacja satelit\u00f3w Starlink V2 ma zapewni\u0107 obs\u0142ug\u0119 transmisji danych, po\u0142\u0105cze\u0144 g\u0142osowych i&nbsp;wiadomo\u015bci tekstowych w&nbsp;trybie szerokopasmowym.<\/p>\n\n\n\n<h2 class=\"wp-block-heading\"><span class=\"ez-toc-section\" id=\"10_rynkow_w_tym_Polska_Skala_projektu_jest_znaczaca\"><\/span>10 rynk\u00f3w, w&nbsp;tym Polska. Skala projektu jest znacz\u0105ca<span class=\"ez-toc-section-end\"><\/span><\/h2>\n\n\n\n<p>Umowa obejmuje dziesi\u0119\u0107 europejskich rynk\u00f3w, na&nbsp;kt\u00f3rych operuje Deutsche Telekom, w&nbsp;tym r\u00f3wnie\u017c Polsk\u0119. Oznacza to, \u017ce&nbsp;technologia mo\u017ce trafi\u0107 do&nbsp;milion\u00f3w u\u017cytkownik\u00f3w w&nbsp;regionie, je\u015bli wdro\u017cenie zako\u0144czy si\u0119 sukcesem. Integracja sieci satelitarnej z&nbsp;ofert\u0105 operatora mobilnego to istotna zmiana w&nbsp;modelu dzia\u0142ania telekom\u00f3w, kt\u00f3re dot\u0105d opiera\u0142y si\u0119 niemal wy\u0142\u0105cznie na&nbsp;infrastrukturze naziemnej. W&nbsp;praktyce mo\u017ce to oznacza\u0107 nowy standard dost\u0119pno\u015bci us\u0142ug \u2013&nbsp;szczeg\u00f3lnie w&nbsp;krajach o&nbsp;zr\u00f3\u017cnicowanej topografii i&nbsp;rozleg\u0142ych terenach s\u0142abo zurbanizowanych. Dla&nbsp;u\u017cytkownik\u00f3w kluczowe b\u0119dzie to, \u017ce&nbsp;prze\u0142\u0105czanie mi\u0119dzy sieci\u0105 naziemn\u0105 a&nbsp;satelitarn\u0105 ma by\u0107 ca\u0142kowicie transparentne.<\/p>\n\n\n\n<h2 class=\"wp-block-heading\"><span class=\"ez-toc-section\" id=\"Bezpieczenstwo_i_odpornosc_sieci_%E2%80%93_argument_silniejszy_niz_marketing\"><\/span>Bezpiecze\u0144stwo i&nbsp;odporno\u015b\u0107 sieci \u2013&nbsp;argument silniejszy ni\u017c marketing<span class=\"ez-toc-section-end\"><\/span><\/h2>\n\n\n\n<p>Jednym z&nbsp;najwa\u017cniejszych aspekt\u00f3w projektu jest zwi\u0119kszenie odporno\u015bci infrastruktury telekomunikacyjnej na&nbsp;sytuacje kryzysowe. \u0141\u0105czno\u015b\u0107 satelitarna nie zale\u017cy od lokalnej infrastruktury energetycznej ani&nbsp;od fizycznej dost\u0119pno\u015bci maszt\u00f3w. W&nbsp;przypadku kl\u0119sk \u017cywio\u0142owych, powodzi, po\u017car\u00f3w czy&nbsp;rozleg\u0142ych blackout\u00f3w u\u017cytkownicy nadal b\u0119d\u0105 mogli utrzyma\u0107 podstawow\u0105 komunikacj\u0119. W&nbsp;kontek\u015bcie rosn\u0105cych zagro\u017ce\u0144 klimatycznych oraz&nbsp;napi\u0119\u0107 geopolitycznych taki poziom redundancji sieci staje si\u0119 strategicznie istotny. Dla&nbsp;pa\u0144stw i&nbsp;s\u0142u\u017cb ratunkowych mo\u017ce to oznacza\u0107 dodatkowy poziom bezpiecze\u0144stwa komunikacyjnego.<\/p>\n\n\n\n<h2 class=\"wp-block-heading\"><span class=\"ez-toc-section\" id=\"Start_dopiero_w_2028_roku_Dlaczego_trzeba_czekac\"><\/span>Start dopiero w&nbsp;2028 roku. Dlaczego trzeba czeka\u0107?<span class=\"ez-toc-section-end\"><\/span><\/h2>\n\n\n\n<p>Cho\u0107&nbsp;zapowied\u017a wsp\u00f3\u0142pracy brzmi prze\u0142omowo, na&nbsp;komercyjne wdro\u017cenie trzeba b\u0119dzie poczeka\u0107 co najmniej do&nbsp;pocz\u0105tku 2028 roku. Wynika to z&nbsp;konieczno\u015bci pe\u0142nego rozmieszczenia konstelacji satelit\u00f3w nowej generacji Starlink V2, kt\u00f3re s\u0105 przystosowane do&nbsp;obs\u0142ugi bezpo\u015brednich po\u0142\u0105cze\u0144 ze smartfonami. R\u00f3wnocze\u015bnie producenci urz\u0105dze\u0144 mobilnych musz\u0105 zapewni\u0107 odpowiedni\u0105 kompatybilno\u015b\u0107 sprz\u0119tow\u0105 i&nbsp;programow\u0105. Kluczowe b\u0119dzie tak\u017ce dostosowanie regulacji krajowych oraz&nbsp;koordynacja wykorzystania pasm cz\u0119stotliwo\u015bci w&nbsp;poszczeg\u00f3lnych pa\u0144stwach. Dopiero po&nbsp;spe\u0142nieniu tych warunk\u00f3w us\u0142uga b\u0119dzie mog\u0142a zosta\u0107 uruchomiona na&nbsp;szerok\u0105 skal\u0119.<\/p>\n\n\n\n<p>Partnerstwo Deutsche Telekom i&nbsp;Starlinka pokazuje, \u017ce&nbsp;przysz\u0142o\u015b\u0107 \u0142\u0105czno\u015bci mobilnej b\u0119dzie hybrydowa. Sieci naziemne i&nbsp;satelitarne nie b\u0119d\u0105 ze sob\u0105 konkurowa\u0107, lecz&nbsp;wzajemnie si\u0119 uzupe\u0142nia\u0107. W&nbsp;praktyce mo\u017ce to oznacza\u0107, \u017ce&nbsp;granica mi\u0119dzy internetem mobilnym a&nbsp;satelitarnym zacznie si\u0119 zaciera\u0107. Je\u015bli projekt zako\u0144czy si\u0119 sukcesem, Europa mo\u017ce sta\u0107 si\u0119 jednym z&nbsp;pierwszych region\u00f3w \u015bwiata, w&nbsp;kt\u00f3rym smartfony b\u0119d\u0105 domy\u015blnie wspierane przez&nbsp;infrastruktur\u0119 orbitaln\u0105. To krok w&nbsp;stron\u0119 globalnej, niemal nieprzerwanej \u0142\u0105czno\u015bci \u2013&nbsp;niezale\u017cnie od miejsca, w&nbsp;kt\u00f3rym znajduje si\u0119 u\u017cytkownik.<\/p>\n","protected":false},"excerpt":{"rendered":"<p>Podczas Mobile World Congress 2026 w&nbsp;Barcelonie Deutsche Telekom \u2013&nbsp;w\u0142a\u015bciciel marki T-Mobile \u2013&nbsp;og\u0142osi\u0142 strategiczne partnerstwo ze Starlinkiem, czyli&nbsp;satelitarnym projektem rozwijanym przez&nbsp;firm\u0119 Elona Muska. Celem wsp\u00f3\u0142pracy jest wdro\u017cenie technologii Direct-to-Device (D2D), kt\u00f3ra umo\u017cliwi bezpo\u015brednie \u0142\u0105czenie smartfon\u00f3w z&nbsp;sieci\u0105 satelitarn\u0105 bez potrzeby stosowania dodatkowych anten czy&nbsp;terminali. To jeden z&nbsp;najwa\u017cniejszych krok\u00f3w w&nbsp;kierunku likwidacji tzw. \u201ebia\u0142ych plam\u201d zasi\u0119gu w&nbsp;Europie. Nowe rozwi\u0105zanie [&hellip;]<\/p>\n","protected":false},"author":11,"featured_media":24166,"comment_status":"open","ping_status":"open","sticky":false,"template":"","format":"standard","meta":{"footnotes":""},"categories":[794,1],"tags":[1134,400],"class_list":["post-24170","post","type-post","status-publish","format-standard","has-post-thumbnail","hentry","category-aktualnosci","category-artykuly","tag-starlink","tag-t-mobile"],"acf":[],"_links":{"self":[{"href":"https:\/\/panwybierak.pl\/blog\/wp-json\/wp\/v2\/posts\/24170"}],"collection":[{"href":"https:\/\/panwybierak.pl\/blog\/wp-json\/wp\/v2\/posts"}],"about":[{"href":"https:\/\/panwybierak.pl\/blog\/wp-json\/wp\/v2\/types\/post"}],"author":[{"embeddable":true,"href":"https:\/\/panwybierak.pl\/blog\/wp-json\/wp\/v2\/users\/11"}],"replies":[{"embeddable":true,"href":"https:\/\/panwybierak.pl\/blog\/wp-json\/wp\/v2\/comments?post=24170"}],"version-history":[{"count":1,"href":"https:\/\/panwybierak.pl\/blog\/wp-json\/wp\/v2\/posts\/24170\/revisions"}],"predecessor-version":[{"id":24171,"href":"https:\/\/panwybierak.pl\/blog\/wp-json\/wp\/v2\/posts\/24170\/revisions\/24171"}],"wp:featuredmedia":[{"embeddable":true,"href":"https:\/\/panwybierak.pl\/blog\/wp-json\/wp\/v2\/media\/24166"}],"wp:attachment":[{"href":"https:\/\/panwybierak.pl\/blog\/wp-json\/wp\/v2\/media?parent=24170"}],"wp:term":[{"taxonomy":"category","embeddable":true,"href":"https:\/\/panwybierak.pl\/blog\/wp-json\/wp\/v2\/categories?post=24170"},{"taxonomy":"post_tag","embeddable":true,"href":"https:\/\/panwybierak.pl\/blog\/wp-json\/wp\/v2\/tags?post=24170"}],"curies":[{"name":"wp","href":"https:\/\/api.w.org\/{rel}","templated":true}]}}