{"id":12217,"date":"2020-08-11T09:54:31","date_gmt":"2020-08-11T07:54:31","guid":{"rendered":"https:\/\/panwybierak.pl\/blog\/?p=12217"},"modified":"2023-02-21T21:05:46","modified_gmt":"2023-02-21T20:05:46","slug":"esim-nowa-oferta-t-mobile","status":"publish","type":"post","link":"https:\/\/panwybierak.pl\/blog\/esim-nowa-oferta-t-mobile\/","title":{"rendered":"Wirtualna karta eSIM nowo\u015bci\u0105 w&nbsp;ofercie T-Mobile"},"content":{"rendered":"<div id=\"ez-toc-container\" class=\"ez-toc-v2_0_69_1 counter-hierarchy ez-toc-counter ez-toc-custom ez-toc-container-direction\">\n<div class=\"ez-toc-title-container\">\n<span class=\"ez-toc-title-toggle\"><\/span><\/div>\n<nav><ul class='ez-toc-list ez-toc-list-level-1 ' ><li class='ez-toc-page-1 ez-toc-heading-level-2'><a class=\"ez-toc-link ez-toc-heading-1\" href=\"https:\/\/panwybierak.pl\/blog\/esim-nowa-oferta-t-mobile\/#eSIM_dla_klientow_korporacyjnych\" title=\"eSIM dla&nbsp;klient\u00f3w korporacyjnych\">eSIM dla&nbsp;klient\u00f3w korporacyjnych<\/a><\/li><\/ul><\/nav><\/div>\n\n<p>eSIM na&nbsp;dobre wchodzi do&nbsp;ofert operator\u00f3w. Po&nbsp;tym, jak wirtualn\u0105 kart\u0119 wprowadzi\u0142o Orange, \u015bladem posz\u0142a sie\u0107 T-Mobile. Od 10 sierpnia eSIM dzia\u0142a na&nbsp;telefonach dzia\u0142aj\u0105cych pod&nbsp;mark\u0105 tego operatora. <\/p>\n\n\n\n<p>Trzeba jednak&nbsp;pami\u0119ta\u0107, \u017ce&nbsp;eSIM w&nbsp;T-Mobile ma ograniczony zasi\u0119g. Wirtualna karta dzia\u0142a\u0107 b\u0119dzie bowiem na&nbsp;wybranych modelach telefon\u00f3w. T-Mobile wymienia tu: iPhone XS, iPhone XS Max, iPhone XR, iPhone 11, iPhone 11 Pro, iPhone 11 Pro Max, iPhone SE (2 generacja), iPad Pro 11\u201d (1 generacja z&nbsp;roku 2018), iPad Pro 11\u201d (2 generacja z&nbsp;roku 2020), iPad Pro 12,9\u201d (4 generacja z&nbsp;roku 2020), iPad Pro 12,9\u201d (3 generacja z&nbsp;roku 2018), iPad Pro 12,9\u201d (2 generacja z&nbsp;roku 2017), iPad Pro 10,5\u201d (2017), iPad Air (3 generacja z&nbsp;roku 2019), iPad (7 generacja z&nbsp;roku 2019), iPad (6 generacja z&nbsp;roku 2018), iPad (5 generacja z&nbsp;roku 2017), iPad mini (5 generacja z&nbsp;roku 2019), Samsung Galaxy S20, Samsung Galaxy S20+, Samsung Galaxy S20 Ultra, Samsung Galaxy Note 20, Samsung Galaxy Note 20 Ultra. <\/p>\n\n\n\n<figure class=\"wp-block-embed alignleft is-type-rich is-provider-pan-wybierak\"><div class=\"wp-block-embed__wrapper\">\n<blockquote class=\"wp-embedded-content\" data-secret=\"f6MCT2fsNA\"><a href=\"https:\/\/panwybierak.pl\/blog\/to-koniec-karty-sim-polscy-operatorzy-gotowi-na-wprowadzenie-standardu-esim\/\">To koniec karty SIM. Operatorzy gotowi na&nbsp;standard  eSIM<\/a><\/blockquote><iframe loading=\"lazy\" class=\"wp-embedded-content\" sandbox=\"allow-scripts\" security=\"restricted\" style=\"position: absolute; visibility: hidden;\" title=\"&#8222;To koniec karty SIM. Operatorzy gotowi na&nbsp;standard  eSIM&#8221; &#8212; Pan Wybierak\" src=\"https:\/\/panwybierak.pl\/blog\/to-koniec-karty-sim-polscy-operatorzy-gotowi-na-wprowadzenie-standardu-esim\/embed\/#?secret=dMrWZTqb0W#?secret=f6MCT2fsNA\" data-secret=\"f6MCT2fsNA\" width=\"500\" height=\"282\" frameborder=\"0\" marginwidth=\"0\" marginheight=\"0\" scrolling=\"no\"><\/iframe>\n<\/div><\/figure>\n\n\n\n<h2 class=\"wp-block-heading\"><span class=\"ez-toc-section\" id=\"eSIM_dla_klientow_korporacyjnych\"><\/span>eSIM dla&nbsp;klient\u00f3w korporacyjnych<span class=\"ez-toc-section-end\"><\/span><\/h2>\n\n\n\n<p>Nowe wdro\u017cenie ze strony T-Mobile to na&nbsp;razie rozwi\u0105zanie tylko dla&nbsp;klient\u00f3w biznesowych &#8211; np.&nbsp;firm, kt\u00f3re wykorzystaj\u0105 je do&nbsp;masowej aktywacji us\u0142ug mobilnych w&nbsp;aparatach, kt\u00f3re kupiono od tego operatora. <\/p>\n\n\n\n<p>Opr\u00f3cz samego wdro\u017cenia eSIM spodziewa\u0107 mo\u017cna si\u0119 kolejnych krok\u00f3w rozwijaj\u0105cych us\u0142ug\u0119 wirtualnej karty. Ma ona mie\u0107 nowe funkcjonalno\u015bci. W\u015br\u00f3d nich T-Mobile wymienia m.in. mo\u017cliwo\u015b\u0107 posiadania tego samego numeru telefonu w&nbsp;przypadku kilku urz\u0105dze\u0144 &#8211; np.&nbsp;na&nbsp;dw\u00f3ch telefonach kom\u00f3rkowych. Mo\u017cliwe b\u0119dzie r\u00f3wnie\u017c zdalne zarz\u0105dzanie kartami SIM &#8211; odbywa\u0107 si\u0119 b\u0119dzie poprzez portal do&nbsp;obs\u0142ugi. Stopniowo T-Mobile chce wprowadza\u0107 technologi\u0119 eSIM do&nbsp;nowych grup. Opr\u00f3cz du\u017cych korporacji, z&nbsp;mo\u017cliwo\u015bci wirtualnych kart skorzystaj\u0105 te\u017c mniejsze firmy. W&nbsp;przysz\u0142o\u015bci zakres dzia\u0142ania obejmie te\u017c indywidualnych klient\u00f3w. <\/p>\n\n\n\n<figure class=\"wp-block-image\"><a href=\"https:\/\/panwybierak.pl\/oferty\/telefon-komorkowy\/47\"><img loading=\"lazy\" decoding=\"async\" width=\"1024\" height=\"270\" src=\"https:\/\/panwybierak.pl\/blog\/wp-content\/uploads\/2020\/03\/CTA_abonament_komorkowy-1024x270.png\" alt=\"oferty telefonia kom\u00f3rkowa\" class=\"wp-image-9646\" srcset=\"https:\/\/panwybierak.pl\/blog\/wp-content\/uploads\/2020\/03\/CTA_abonament_komorkowy-1024x270.png 1024w, https:\/\/panwybierak.pl\/blog\/wp-content\/uploads\/2020\/03\/CTA_abonament_komorkowy-300x79.png 300w, https:\/\/panwybierak.pl\/blog\/wp-content\/uploads\/2020\/03\/CTA_abonament_komorkowy-768x202.png 768w, https:\/\/panwybierak.pl\/blog\/wp-content\/uploads\/2020\/03\/CTA_abonament_komorkowy.png 1170w\" sizes=\"(max-width: 1024px) 100vw, 1024px\" \/><\/a><\/figure>\n","protected":false},"excerpt":{"rendered":"<p>eSIM na&nbsp;dobre wchodzi do&nbsp;ofert operator\u00f3w. Po&nbsp;tym, jak wirtualn\u0105 kart\u0119 wprowadzi\u0142o Orange, \u015bladem posz\u0142a sie\u0107 T-Mobile. Od 10 sierpnia eSIM dzia\u0142a na&nbsp;telefonach dzia\u0142aj\u0105cych pod&nbsp;mark\u0105 tego operatora. Trzeba jednak&nbsp;pami\u0119ta\u0107, \u017ce&nbsp;eSIM w&nbsp;T-Mobile ma ograniczony zasi\u0119g. Wirtualna karta dzia\u0142a\u0107 b\u0119dzie bowiem na&nbsp;wybranych modelach telefon\u00f3w. T-Mobile wymienia tu: iPhone XS, iPhone XS Max, iPhone XR, iPhone 11, iPhone 11 Pro, [&hellip;]<\/p>\n","protected":false},"author":11,"featured_media":12218,"comment_status":"open","ping_status":"open","sticky":false,"template":"","format":"standard","meta":{"footnotes":""},"categories":[794],"tags":[436,400],"class_list":["post-12217","post","type-post","status-publish","format-standard","has-post-thumbnail","hentry","category-aktualnosci","tag-esim","tag-t-mobile"],"acf":[],"_links":{"self":[{"href":"https:\/\/panwybierak.pl\/blog\/wp-json\/wp\/v2\/posts\/12217"}],"collection":[{"href":"https:\/\/panwybierak.pl\/blog\/wp-json\/wp\/v2\/posts"}],"about":[{"href":"https:\/\/panwybierak.pl\/blog\/wp-json\/wp\/v2\/types\/post"}],"author":[{"embeddable":true,"href":"https:\/\/panwybierak.pl\/blog\/wp-json\/wp\/v2\/users\/11"}],"replies":[{"embeddable":true,"href":"https:\/\/panwybierak.pl\/blog\/wp-json\/wp\/v2\/comments?post=12217"}],"version-history":[{"count":2,"href":"https:\/\/panwybierak.pl\/blog\/wp-json\/wp\/v2\/posts\/12217\/revisions"}],"predecessor-version":[{"id":15849,"href":"https:\/\/panwybierak.pl\/blog\/wp-json\/wp\/v2\/posts\/12217\/revisions\/15849"}],"wp:featuredmedia":[{"embeddable":true,"href":"https:\/\/panwybierak.pl\/blog\/wp-json\/wp\/v2\/media\/12218"}],"wp:attachment":[{"href":"https:\/\/panwybierak.pl\/blog\/wp-json\/wp\/v2\/media?parent=12217"}],"wp:term":[{"taxonomy":"category","embeddable":true,"href":"https:\/\/panwybierak.pl\/blog\/wp-json\/wp\/v2\/categories?post=12217"},{"taxonomy":"post_tag","embeddable":true,"href":"https:\/\/panwybierak.pl\/blog\/wp-json\/wp\/v2\/tags?post=12217"}],"curies":[{"name":"wp","href":"https:\/\/api.w.org\/{rel}","templated":true}]}}